{"id":481,"date":"2019-03-12T17:18:31","date_gmt":"2019-03-12T15:18:31","guid":{"rendered":"http:\/\/chez-denis.ch\/?p=481"},"modified":"2019-03-12T17:23:18","modified_gmt":"2019-03-12T15:23:18","slug":"emission-bille-en-tete-04-05-03-19","status":"publish","type":"post","link":"https:\/\/chez-denis.ch\/index.php\/2019\/03\/12\/emission-bille-en-tete-04-05-03-19\/","title":{"rendered":"Emission Bille en T\u00eate &#8211; 04\/05.03.19"},"content":{"rendered":"\n<figure class=\"wp-block-image is-resized\"><img data-recalc-dims=\"1\" loading=\"lazy\" decoding=\"async\" data-attachment-id=\"486\" data-permalink=\"https:\/\/chez-denis.ch\/index.php\/2019\/03\/12\/emission-bille-en-tete-04-05-03-19\/attachment\/400\/\" data-orig-file=\"https:\/\/i0.wp.com\/chez-denis.ch\/wp-content\/uploads\/2019\/03\/400.png?fit=400%2C225&amp;ssl=1\" data-orig-size=\"400,225\" data-comments-opened=\"1\" data-image-meta=\"{&quot;aperture&quot;:&quot;0&quot;,&quot;credit&quot;:&quot;&quot;,&quot;camera&quot;:&quot;&quot;,&quot;caption&quot;:&quot;&quot;,&quot;created_timestamp&quot;:&quot;0&quot;,&quot;copyright&quot;:&quot;&quot;,&quot;focal_length&quot;:&quot;0&quot;,&quot;iso&quot;:&quot;0&quot;,&quot;shutter_speed&quot;:&quot;0&quot;,&quot;title&quot;:&quot;&quot;,&quot;orientation&quot;:&quot;0&quot;}\" data-image-title=\"400\" data-image-description=\"\" data-image-caption=\"\" data-medium-file=\"https:\/\/i0.wp.com\/chez-denis.ch\/wp-content\/uploads\/2019\/03\/400.png?fit=300%2C169&amp;ssl=1\" data-large-file=\"https:\/\/i0.wp.com\/chez-denis.ch\/wp-content\/uploads\/2019\/03\/400.png?fit=400%2C225&amp;ssl=1\" src=\"https:\/\/i0.wp.com\/chez-denis.ch\/wp-content\/uploads\/2019\/03\/400.png?resize=580%2C326\" alt=\"\" class=\"wp-image-486\" width=\"580\" height=\"326\" srcset=\"https:\/\/i0.wp.com\/chez-denis.ch\/wp-content\/uploads\/2019\/03\/400.png?w=400&amp;ssl=1 400w, https:\/\/i0.wp.com\/chez-denis.ch\/wp-content\/uploads\/2019\/03\/400.png?resize=300%2C169&amp;ssl=1 300w\" sizes=\"auto, (max-width: 580px) 100vw, 580px\" \/><\/figure>\n\n\n\n<p>D\u00e9but 2019, j&rsquo;ai eu le plaisir d&rsquo;accueillir Philippe Ligron et Duja pour leur \u00e9mission radio Bille en T\u00eate et ma toute premi\u00e8re apparition sur les ondes!<\/p>\n\n\n\n<p>C&rsquo;est une \u00e9mission pleine d&rsquo;humour durant laquelle les deux animateurs parcourent la Suisse Romande et d&rsquo;ailleurs afin de faire (re)d\u00e9couvrir vos r\u00e9gions \u00e0 travers le prisme du  terroir jovial, de la gastronomie locale et de l&rsquo;histoire r\u00e9gionale.  Emission de rencontres impromptues et in\u00e9dites, \u00ab\u00a0Bille en t\u00eate\u00a0\u00bb prend la cl\u00e9 des champs du possible du lundi au vendredi de 9h30 \u00e0 10h00 sur La Premi\u00e8re. <br><\/p>\n\n\n\n<figure class=\"wp-block-audio\"><audio controls src=\"http:\/\/chez-denis.ch\/wp-content\/uploads\/2019\/03\/bille-en-tete_20190304_full_bille-en-tete_25e1cab4-12a0-41c0-9847-5a2cbc67f63e-128k.mp3\"><\/audio><figcaption>Bille en T\u00eate du lundi 04.03.19 sur RTS La Premi\u00e8re<\/figcaption><\/figure>\n\n\n\n<p>Une \u00e9mission ayant \u00e0 peine suffit pour faire connaissance, il en fallait bien une deuxi\u00e8me afin d&rsquo;enfin passer \u00e0 la d\u00e9gustation!<\/p>\n\n\n\n<figure class=\"wp-block-audio\"><audio controls src=\"http:\/\/chez-denis.ch\/wp-content\/uploads\/2019\/03\/bille-en-tete_20190305_full_bille-en-tete_6eaa098b-d34b-4c3a-aadc-8f11da7055a7-128k.mp3\"><\/audio><figcaption>Bille en T\u00eate du mardi 05.03.19 sur RTS La Premi\u00e8re<\/figcaption><\/figure>\n\n\n\n<p>Un bon moment de partage avec des types fort sympathique et beaucoup d&rsquo;humour! En esp\u00e9rant que vous aurez autant de plaisir \u00e0 les (r\u00e9-) \u00e9couter que moi \u00e0 les enregistrer!<br><br>Vous pouvez retrouver toutes leurs \u00e9missions sur <a href=\"http:\/\/www.rts.ch\/bille\" target=\"_blank\" rel=\"noreferrer noopener\" aria-label=\"le site de la RTS! (opens in a new tab)\">le site de la RTS!<\/a><\/p>\n","protected":false},"excerpt":{"rendered":"<p>D\u00e9but 2019, j&rsquo;ai eu le plaisir d&rsquo;accueillir Philippe Ligron et Duja pour leur \u00e9mission radio Bille en T\u00eate et ma toute premi\u00e8re apparition sur les ondes! C&rsquo;est une \u00e9mission pleine d&rsquo;humour durant laquelle les deux animateurs parcourent la Suisse Romande et d&rsquo;ailleurs afin de faire (re)d\u00e9couvrir vos r\u00e9gions \u00e0 travers le prisme du terroir jovial, &#8230; <span class=\"more\"><a class=\"more-link\" href=\"https:\/\/chez-denis.ch\/index.php\/2019\/03\/12\/emission-bille-en-tete-04-05-03-19\/\">[Lire la suite&#8230;]<\/a><\/span><\/p>\n","protected":false},"author":1,"featured_media":486,"comment_status":"open","ping_status":"open","sticky":false,"template":"","format":"standard","meta":{"jetpack_post_was_ever_published":false,"_jetpack_newsletter_access":"","_jetpack_dont_email_post_to_subs":false,"_jetpack_newsletter_tier_id":0,"_jetpack_memberships_contains_paywalled_content":false,"_jetpack_memberships_contains_paid_content":false,"footnotes":"","jetpack_publicize_message":"","jetpack_publicize_feature_enabled":true,"jetpack_social_post_already_shared":true,"jetpack_social_options":{"image_generator_settings":{"template":"highway","default_image_id":0,"font":"","enabled":false},"version":2}},"categories":[6],"tags":[79,53,43,20,80,11,28,12,22],"class_list":{"0":"entry","1":"post","2":"publish","3":"author-admin8600","4":"post-481","6":"format-standard","7":"has-post-thumbnail","8":"category-on-en-parle","9":"post_tag-bille-en-tete","10":"post_tag-chez-denis","11":"post_tag-pate","12":"post_tag-produit-du-terroir","13":"post_tag-radio","14":"post_tag-terrine","15":"post_tag-terrines-artisanales","16":"post_tag-terroir","17":"post_tag-terroir-fribourg"},"jetpack_publicize_connections":[],"jetpack_featured_media_url":"https:\/\/i0.wp.com\/chez-denis.ch\/wp-content\/uploads\/2019\/03\/400.png?fit=400%2C225&ssl=1","jetpack_sharing_enabled":true,"jetpack_shortlink":"https:\/\/wp.me\/p7C0tk-7L","jetpack-related-posts":[],"_links":{"self":[{"href":"https:\/\/chez-denis.ch\/index.php\/wp-json\/wp\/v2\/posts\/481","targetHints":{"allow":["GET"]}}],"collection":[{"href":"https:\/\/chez-denis.ch\/index.php\/wp-json\/wp\/v2\/posts"}],"about":[{"href":"https:\/\/chez-denis.ch\/index.php\/wp-json\/wp\/v2\/types\/post"}],"author":[{"embeddable":true,"href":"https:\/\/chez-denis.ch\/index.php\/wp-json\/wp\/v2\/users\/1"}],"replies":[{"embeddable":true,"href":"https:\/\/chez-denis.ch\/index.php\/wp-json\/wp\/v2\/comments?post=481"}],"version-history":[{"count":4,"href":"https:\/\/chez-denis.ch\/index.php\/wp-json\/wp\/v2\/posts\/481\/revisions"}],"predecessor-version":[{"id":489,"href":"https:\/\/chez-denis.ch\/index.php\/wp-json\/wp\/v2\/posts\/481\/revisions\/489"}],"wp:featuredmedia":[{"embeddable":true,"href":"https:\/\/chez-denis.ch\/index.php\/wp-json\/wp\/v2\/media\/486"}],"wp:attachment":[{"href":"https:\/\/chez-denis.ch\/index.php\/wp-json\/wp\/v2\/media?parent=481"}],"wp:term":[{"taxonomy":"category","embeddable":true,"href":"https:\/\/chez-denis.ch\/index.php\/wp-json\/wp\/v2\/categories?post=481"},{"taxonomy":"post_tag","embeddable":true,"href":"https:\/\/chez-denis.ch\/index.php\/wp-json\/wp\/v2\/tags?post=481"}],"curies":[{"name":"wp","href":"https:\/\/api.w.org\/{rel}","templated":true}]}}